{"id":2117,"date":"2024-03-17T12:37:00","date_gmt":"2024-03-17T09:37:00","guid":{"rendered":"https:\/\/ninzio.com\/byron\/?p=2117"},"modified":"2026-01-16T12:58:19","modified_gmt":"2026-01-16T09:58:19","slug":"whats-next-for-contech-construction-2","status":"publish","type":"post","link":"https:\/\/yusad.org.tr\/?p=2117","title":{"rendered":"Akman: Yumurta fiyatlar\u0131 y\u0131l\u0131n ikinci yar\u0131s\u0131nda h\u0131zl\u0131 y\u00fckselecek"},"content":{"rendered":"\t\t<div data-elementor-type=\"wp-post\" data-elementor-id=\"2117\" class=\"elementor elementor-2117\" data-elementor-post-type=\"post\">\n\t\t\t\t\t\t<section class=\"elementor-section elementor-top-section elementor-element elementor-element-41e615d elementor-section-boxed elementor-section-height-default elementor-section-height-default\" data-id=\"41e615d\" data-element_type=\"section\">\n\t\t\t\t\t\t<div class=\"elementor-container elementor-column-gap-default\">\n\t\t\t\t\t<div class=\"elementor-column elementor-col-100 elementor-top-column elementor-element elementor-element-b81a81e\" data-id=\"b81a81e\" data-element_type=\"column\">\n\t\t\t<div class=\"elementor-widget-wrap elementor-element-populated\">\n\t\t\t\t\t\t<div class=\"elementor-element elementor-element-2c139db elementor-widget elementor-widget-text-editor\" data-id=\"2c139db\" data-element_type=\"widget\" data-widget_type=\"text-editor.default\">\n\t\t\t\t\t\t\t\t\t<p>Y\u00dcSAD Ba\u015fkan\u0131 Metin Akman, yumurta fiyatlar\u0131n\u0131n y\u0131l\u0131n ikinci yar\u0131s\u0131nda h\u0131zl\u0131 bir y\u00fckseli\u015fe sahne olabilece\u011fini s\u00f6yledi.<\/p><blockquote><p>Akman, &#8220;Yumurta fiyatlar\u0131n\u0131n ikinci alt\u0131 ayl\u0131k d\u00f6nemde enflasyona paralel ve \u00fcst\u00fcnde artaca\u011f\u0131n\u0131 tahmin ediyorum&#8221; dedi.<\/p><\/blockquote><p>Yumurta \u00fcretiminde en \u00f6nemli maliyet kaleminin yem oldu\u011funu ve yem hammaddeleri a\u00e7\u0131s\u0131ndan T\u00fcrkiye\u2019nin ithalata ba\u011f\u0131ml\u0131 oldu\u011funu hat\u0131rlatan Akman, \u201cYumurta \u00fcretiminde kullan\u0131lan yemin \u00f6nemli bir k\u0131sm\u0131 ithalata ba\u011f\u0131ml\u0131. \u0130thalata ba\u011f\u0131ml\u0131 olunca da d\u00f6viz kurlar\u0131 fakt\u00f6r\u00fc \u00f6ne \u00e7\u0131k\u0131yor. \u00d6te yandan \u00fcr\u00fcn\u00fc satarken de y\u00fczde 70-80\u2019i i\u00e7 piyasaya sat\u0131l\u0131yor. Yumurta \u00fcreticisi, t\u00fcccar\u0131, i\u015f insanlar\u0131 bu s\u00fcreci ihracatla iyi y\u00f6netiyor ve maliyet etkisini bu \u015fekilde dengelemeye \u00e7al\u0131\u015f\u0131yor\u201d dedi.<\/p><p>Yumurtan\u0131n ge\u00e7en y\u0131ldan bu yana en \u015fansl\u0131 hayvansal protein kayna\u011f\u0131 oldu\u011funu savunan Akman, \u201cD\u00fcnya piyasas\u0131yla kar\u015f\u0131la\u015ft\u0131rd\u0131\u011f\u0131m\u0131zda T\u00fcrkiye\u2019de yumurta \u00e7ok ucuz. \u0130\u00e7 piyasada di\u011fer protein kaynaklar\u0131yla da kar\u015f\u0131la\u015ft\u0131rd\u0131\u011f\u0131n\u0131zda ucuz kal\u0131yor. Neden \u00e7ok ucuz? Son aylarda S\u00fcvey\u015f Kanal\u0131nda ya\u015fanan kriz burada etkili oldu. Kriz \u00e7\u0131kt\u0131ktan sonra yumurta ihracat\u0131nda belirli s\u0131k\u0131nt\u0131larla kar\u015f\u0131la\u015fmaya ba\u015flad\u0131k. Bu s\u0131k\u0131nt\u0131lar\u0131 Rusya gibi farkl\u0131 pazarlarla a\u015fmaya \u00e7al\u0131\u015fsak da \u015fu anda bir arz fazlam\u0131z var. Arz fazlam\u0131z oldu\u011fu i\u00e7in, Ramazan gelmesine ve talep artmas\u0131na ra\u011fmen arz talepten fazla oldu\u011fu i\u00e7in \u015fuan yumurta fiyatlar\u0131 \u00e7ok ucuz. Maliyetlerden \u00e7ok \u015fuan talep baca\u011f\u0131 yumurta fiyat\u0131n\u0131 belirliyor. Gelecek aylarda bayram\u0131n gelmesi, havalar\u0131n \u0131s\u0131nmas\u0131yla birlikte yumurta fiyatlar\u0131nda \u00e7ok art\u0131\u015f olmayaca\u011f\u0131n\u0131 d\u00fc\u015f\u00fcn\u00fcyoruz. Bu seviyelerde kalacakt\u0131r ama y\u0131l\u0131n ikinci yar\u0131s\u0131nda yumurtada h\u0131zl\u0131 bir y\u00fckseli\u015f beklenebilir. \u00c7\u00fcnk\u00fc talep artacakt\u0131r. Hem turizm sekt\u00f6r\u00fc hem de Eyl\u00fcl ay\u0131na yakla\u015f\u0131rken okullar\u0131n a\u00e7\u0131lmas\u0131yla birlikte piyasalar\u0131n hareketlenmesi bunu sa\u011flayacakt\u0131r\u201d diye konu\u015ftu.<\/p><p>Y\u00dcSAD Ba\u015fkan\u0131 Akman, \u201cDi\u011fer yandan yumurta \u00fcreticisi para kazanam\u0131yor desek yeridir. Dolay\u0131s\u0131yla kapasitelerde ve arzda bir d\u00fc\u015f\u00fc\u015f bekliyoruz. Arkas\u0131ndan talep art\u0131nca da tam tersi bir sarmala girece\u011fiz. Fiyatlar\u0131n ikinci alt\u0131 ayda h\u0131zla artaca\u011f\u0131n\u0131 tahmin ediyoruz\u201d yorumunda bulundu.<\/p>\t\t\t\t\t\t\t\t<\/div>\n\t\t\t\t\t<\/div>\n\t\t<\/div>\n\t\t\t\t\t<\/div>\n\t\t<\/section>\n\t\t\t\t<\/div>\n\t\t","protected":false},"excerpt":{"rendered":"<p>Y\u00dcSAD Ba\u015fkan\u0131 Metin Akman, yumurta fiyatlar\u0131n\u0131n y\u0131l\u0131n ikinci yar\u0131s\u0131nda h\u0131zl\u0131 bir y\u00fckseli\u015fe &#8230;<\/p>\n","protected":false},"author":1,"featured_media":2517,"comment_status":"closed","ping_status":"open","sticky":false,"template":"","format":"standard","meta":{"_monsterinsights_skip_tracking":false,"_monsterinsights_sitenote_active":false,"_monsterinsights_sitenote_note":"","_monsterinsights_sitenote_category":0,"footnotes":""},"categories":[1],"tags":[],"class_list":["post-2117","post","type-post","status-publish","format-standard","has-post-thumbnail","hentry","category-genel"],"aioseo_notices":[],"_links":{"self":[{"href":"https:\/\/yusad.org.tr\/index.php?rest_route=\/wp\/v2\/posts\/2117","targetHints":{"allow":["GET"]}}],"collection":[{"href":"https:\/\/yusad.org.tr\/index.php?rest_route=\/wp\/v2\/posts"}],"about":[{"href":"https:\/\/yusad.org.tr\/index.php?rest_route=\/wp\/v2\/types\/post"}],"author":[{"embeddable":true,"href":"https:\/\/yusad.org.tr\/index.php?rest_route=\/wp\/v2\/users\/1"}],"replies":[{"embeddable":true,"href":"https:\/\/yusad.org.tr\/index.php?rest_route=%2Fwp%2Fv2%2Fcomments&post=2117"}],"version-history":[{"count":6,"href":"https:\/\/yusad.org.tr\/index.php?rest_route=\/wp\/v2\/posts\/2117\/revisions"}],"predecessor-version":[{"id":2523,"href":"https:\/\/yusad.org.tr\/index.php?rest_route=\/wp\/v2\/posts\/2117\/revisions\/2523"}],"wp:featuredmedia":[{"embeddable":true,"href":"https:\/\/yusad.org.tr\/index.php?rest_route=\/wp\/v2\/media\/2517"}],"wp:attachment":[{"href":"https:\/\/yusad.org.tr\/index.php?rest_route=%2Fwp%2Fv2%2Fmedia&parent=2117"}],"wp:term":[{"taxonomy":"category","embeddable":true,"href":"https:\/\/yusad.org.tr\/index.php?rest_route=%2Fwp%2Fv2%2Fcategories&post=2117"},{"taxonomy":"post_tag","embeddable":true,"href":"https:\/\/yusad.org.tr\/index.php?rest_route=%2Fwp%2Fv2%2Ftags&post=2117"}],"curies":[{"name":"wp","href":"https:\/\/api.w.org\/{rel}","templated":true}]}}